{"id":7328,"date":"2025-06-06T14:54:50","date_gmt":"2025-06-06T12:54:50","guid":{"rendered":"https:\/\/www.casadeljazz.com\/?p=7328"},"modified":"2025-06-06T14:55:29","modified_gmt":"2025-06-06T12:55:29","slug":"il-messaggio-del-presidente-della-repubblica-per-i-venti-anni-della-casa-del-jazz","status":"publish","type":"post","link":"https:\/\/www.casadeljazz.com\/en\/il-messaggio-del-presidente-della-repubblica-per-i-venti-anni-della-casa-del-jazz\/","title":{"rendered":"Il messaggio del presidente della Repubblica per i venti anni della Casa del Jazz"},"content":{"rendered":"<p>Il presidente della Repubblica, on. Sergio Mattarella, ha inviato un messaggio al dottor Raffaele Ranucci, AD della Fondazione Musica per Roma, in occasione dei venti anni della Casa del Jazz.<\/p>\n<p><em>La nascita della Casa del Jazz si inserisce nel percorso di restituzione ai cittadini di beni della criminalit\u00e0 organizzata e la funzione assunta, attraverso la promozione della musica, di affermazione della legalit\u00e0 e della giustizia, \u00e8 elemento che va sottolineato.\u00a0<\/em><\/p>\n<p><em>La Casa \u00e8 divenuta un punto di riferimento per la musica jazz a livello internazionale, laboratorio creativo, aperto ai giovani, testimonianza di cultura e libert\u00e0 di espressione. Di particolare rilievo la istituzione della Jazz Campus Orchestra la cui attivit\u00e0 formativa, diretta ai ragazzi tra i 7 e i 14 anni, ha permesso di sviluppare l&#8217;interesse verso questo tipo di espressione musicale.\u00a0<\/em><\/p>\n<p><em>Vent&#8217;anni sono un traguardo importante e mi unisco volentieri alle celebrazioni di questo anniversario.\u00a0<\/em><\/p>\n<p style=\"text-align: right;\">Sergio Mattarella<\/p>\n<p>&nbsp;<\/p>\n","protected":false},"excerpt":{"rendered":"<p>Il presidente della Repubblica, on. Sergio Mattarella, ha inviato un messaggio al dottor Raffaele Ranucci, AD della Fondazione Musica per Roma, in occasione dei venti anni della Casa del Jazz. La nascita della Casa del Jazz si inserisce nel percorso di restituzione ai cittadini di beni della criminalit\u00e0 organizzata e la funzione assunta, attraverso la<a class=\"excerpt-read-more\" href=\"https:\/\/www.casadeljazz.com\/en\/il-messaggio-del-presidente-della-repubblica-per-i-venti-anni-della-casa-del-jazz\/\" title=\"ReadIl messaggio del presidente della Repubblica per i venti anni della Casa del Jazz\">&#8230; Read more &raquo;<\/a><\/p>\n","protected":false},"author":4,"featured_media":7329,"comment_status":"closed","ping_status":"closed","sticky":false,"template":"","format":"standard","meta":{"_acf_changed":false,"footnotes":""},"categories":[10],"tags":[],"class_list":["post-7328","post","type-post","status-publish","format-standard","has-post-thumbnail","hentry","category-news"],"acf":[],"_links":{"self":[{"href":"https:\/\/www.casadeljazz.com\/en\/wp-json\/wp\/v2\/posts\/7328","targetHints":{"allow":["GET"]}}],"collection":[{"href":"https:\/\/www.casadeljazz.com\/en\/wp-json\/wp\/v2\/posts"}],"about":[{"href":"https:\/\/www.casadeljazz.com\/en\/wp-json\/wp\/v2\/types\/post"}],"author":[{"embeddable":true,"href":"https:\/\/www.casadeljazz.com\/en\/wp-json\/wp\/v2\/users\/4"}],"replies":[{"embeddable":true,"href":"https:\/\/www.casadeljazz.com\/en\/wp-json\/wp\/v2\/comments?post=7328"}],"version-history":[{"count":2,"href":"https:\/\/www.casadeljazz.com\/en\/wp-json\/wp\/v2\/posts\/7328\/revisions"}],"predecessor-version":[{"id":7332,"href":"https:\/\/www.casadeljazz.com\/en\/wp-json\/wp\/v2\/posts\/7328\/revisions\/7332"}],"wp:featuredmedia":[{"embeddable":true,"href":"https:\/\/www.casadeljazz.com\/en\/wp-json\/wp\/v2\/media\/7329"}],"wp:attachment":[{"href":"https:\/\/www.casadeljazz.com\/en\/wp-json\/wp\/v2\/media?parent=7328"}],"wp:term":[{"taxonomy":"category","embeddable":true,"href":"https:\/\/www.casadeljazz.com\/en\/wp-json\/wp\/v2\/categories?post=7328"},{"taxonomy":"post_tag","embeddable":true,"href":"https:\/\/www.casadeljazz.com\/en\/wp-json\/wp\/v2\/tags?post=7328"}],"curies":[{"name":"wp","href":"https:\/\/api.w.org\/{rel}","templated":true}]}}