{"id":11394,"date":"2026-08-31T12:26:42","date_gmt":"2026-08-31T10:26:42","guid":{"rendered":"https:\/\/www.casadeljazz.com\/?p=11394"},"modified":"2026-08-31T12:26:42","modified_gmt":"2026-08-31T10:26:42","slug":"audizioni-jazz-campus-orchestra-domenica-20-settembre","status":"publish","type":"post","link":"https:\/\/www.casadeljazz.com\/en\/audizioni-jazz-campus-orchestra-domenica-20-settembre\/","title":{"rendered":"Audizioni Jazz Campus Orchestra &#8211; domenica 20 settembre"},"content":{"rendered":"<p style=\"text-align: center;\"><strong>Jazz Campus Orchestra 2026\u20132027<\/strong><\/p>\n<p style=\"text-align: center;\"><strong>Audizioni | Domenica 20 settembre 2026, dalle ore 10.30 alle 13.30<br \/>\nAuditorium Parco della Musica Ennio Morricone |Studio 2<\/strong><\/p>\n<p style=\"text-align: center;\"><strong>Iscrizioni entro luned\u00ec 14 settembre 2026<\/strong><\/p>\n<p style=\"text-align: center;\"><strong><u>CERCHIAMO<\/u><\/strong><\/p>\n<p style=\"text-align: center;\"><strong>TROMBA, TROMBONE, SASSOFONO, CLARINETTO, FLAUTO, FAGOTTO, CORNO,<br \/>\nVIOLINO E VIOLONCELLO, CONTRABBASSO\/BASSO, VOCE<\/strong><\/p>\n<p style=\"text-align: center;\"><strong>Per informazioni e iscrizioni scrivi a: educational@musicaperroma.it\u00a0<\/strong><\/p>\n<p>La <strong>Jazz Campus Orchestra<\/strong> \u00e8 un progetto musicale, educativo e collettivo della <strong>Fondazione Musica per Roma<\/strong>, diretto dal <strong>Maestro Massimo Nunzi<\/strong>, rivolto a bambine, bambini, ragazze e ragazzi <strong>dagli 8 ai 25 anni<\/strong>.<br \/>\nNasce nel novembre 2019 con la volont\u00e0 di sviluppare l&#8217;interesse nei confronti della musica jazz, della sua storia e del suo linguaggio, in un percorso divertente e appassionante.<br \/>\nIl progetto accompagna i ragazzi nella crescita musicale, artistica e personale attraverso l\u2019esperienza dell\u2019orchestra, dell\u2019improvvisazione, dell\u2019ascolto, della composizione e della collaborazione.<br \/>\nHa al suo attivo gi\u00e0 diverse esibizioni in contesti istituzionali e prestigiosi festival musicali e si \u00e8 recentemente esibita alla presenza del Presidente della Repubblica.<br \/>\nPartecipare alla Jazz Campus Orchestra significa entrare in una comunit\u00e0 musicale nella quale libert\u00e0 creativa, responsabilit\u00e0 individuale, disciplina, ascolto reciproco e dimensione collettiva convivono.<\/p>\n<p><strong>Ti aspettiamo!<\/strong><\/p>\n","protected":false},"excerpt":{"rendered":"<p>Jazz Campus Orchestra 2026\u20132027 Audizioni | Domenica 20 settembre 2026, dalle ore 10.30 alle 13.30 Auditorium Parco della Musica Ennio Morricone |Studio 2 Iscrizioni entro luned\u00ec 14 settembre 2026 CERCHIAMO TROMBA, TROMBONE, SASSOFONO, CLARINETTO, FLAUTO, FAGOTTO, CORNO, VIOLINO E VIOLONCELLO, CONTRABBASSO\/BASSO, VOCE Per informazioni e iscrizioni scrivi a: educational@musicaperroma.it\u00a0 La Jazz Campus Orchestra \u00e8 un<a class=\"excerpt-read-more\" href=\"https:\/\/www.casadeljazz.com\/en\/audizioni-jazz-campus-orchestra-domenica-20-settembre\/\" title=\"ReadAudizioni Jazz Campus Orchestra &#8211; domenica 20 settembre\">&#8230; Read more &raquo;<\/a><\/p>\n","protected":false},"author":10,"featured_media":11395,"comment_status":"closed","ping_status":"closed","sticky":false,"template":"","format":"standard","meta":{"_acf_changed":false,"footnotes":""},"categories":[10],"tags":[],"class_list":["post-11394","post","type-post","status-publish","format-standard","has-post-thumbnail","hentry","category-news"],"acf":[],"_links":{"self":[{"href":"https:\/\/www.casadeljazz.com\/en\/wp-json\/wp\/v2\/posts\/11394","targetHints":{"allow":["GET"]}}],"collection":[{"href":"https:\/\/www.casadeljazz.com\/en\/wp-json\/wp\/v2\/posts"}],"about":[{"href":"https:\/\/www.casadeljazz.com\/en\/wp-json\/wp\/v2\/types\/post"}],"author":[{"embeddable":true,"href":"https:\/\/www.casadeljazz.com\/en\/wp-json\/wp\/v2\/users\/10"}],"replies":[{"embeddable":true,"href":"https:\/\/www.casadeljazz.com\/en\/wp-json\/wp\/v2\/comments?post=11394"}],"version-history":[{"count":1,"href":"https:\/\/www.casadeljazz.com\/en\/wp-json\/wp\/v2\/posts\/11394\/revisions"}],"predecessor-version":[{"id":11397,"href":"https:\/\/www.casadeljazz.com\/en\/wp-json\/wp\/v2\/posts\/11394\/revisions\/11397"}],"wp:featuredmedia":[{"embeddable":true,"href":"https:\/\/www.casadeljazz.com\/en\/wp-json\/wp\/v2\/media\/11395"}],"wp:attachment":[{"href":"https:\/\/www.casadeljazz.com\/en\/wp-json\/wp\/v2\/media?parent=11394"}],"wp:term":[{"taxonomy":"category","embeddable":true,"href":"https:\/\/www.casadeljazz.com\/en\/wp-json\/wp\/v2\/categories?post=11394"},{"taxonomy":"post_tag","embeddable":true,"href":"https:\/\/www.casadeljazz.com\/en\/wp-json\/wp\/v2\/tags?post=11394"}],"curies":[{"name":"wp","href":"https:\/\/api.w.org\/{rel}","templated":true}]}}